{"id":9439,"date":"2019-02-18T17:33:54","date_gmt":"2019-02-18T16:33:54","guid":{"rendered":"https:\/\/www.italtourist.com\/?p=9439"},"modified":"2025-06-03T23:22:34","modified_gmt":"2025-06-03T22:22:34","slug":"residence-gran-mado","status":"publish","type":"post","link":"https:\/\/www.italtourist.com\/en\/residence-gran-mado\/","title":{"rendered":"RESIDENCE GRAN MADO"},"content":{"rendered":"<p>[et_pb_section fb_built=&#8221;1&#8243; _builder_version=&#8221;4.16&#8243; custom_padding=&#8221;0px|||&#8221; global_colors_info=&#8221;{}&#8221;][et_pb_row use_custom_gutter=&#8221;on&#8221; gutter_width=&#8221;2&#8243; _builder_version=&#8221;4.16&#8243; custom_margin=&#8221;0px|||&#8221; custom_padding=&#8221;0px|||&#8221; global_colors_info=&#8221;{}&#8221;][et_pb_column type=&#8221;4_4&#8243; _builder_version=&#8221;4.16&#8243; custom_padding=&#8221;|||&#8221; global_colors_info=&#8221;{}&#8221; custom_padding__hover=&#8221;|||&#8221;][et_pb_gallery gallery_ids=&#8221;9443,9442,9440,9441,9445,9446,9447,9448,9454,9450,9459,9455,9456,9452,9453,9451,9457,9449,9458&#8243; posts_number=&#8221;20&#8243; show_title_and_caption=&#8221;off&#8221; show_pagination=&#8221;off&#8221; zoom_icon_color=&#8221;#009246&#8243; hover_icon=&#8221;&#xe050;||divi||400&#8243; _builder_version=&#8221;4.16&#8243; pagination_font_size_tablet=&#8221;51&#8243; pagination_line_height_tablet=&#8221;2&#8243; custom_css_gallery_item=&#8221;width:50%;||padding: 0px;||margin: 0px;&#8221; global_colors_info=&#8221;{}&#8221;][\/et_pb_gallery][\/et_pb_column][\/et_pb_row][et_pb_row _builder_version=&#8221;4.16&#8243; global_colors_info=&#8221;{}&#8221;][et_pb_column type=&#8221;4_4&#8243; _builder_version=&#8221;4.16&#8243; custom_padding=&#8221;|||&#8221; global_colors_info=&#8221;{}&#8221; custom_padding__hover=&#8221;|||&#8221;][et_pb_text _builder_version=&#8221;4.27.4&#8243; text_orientation=&#8221;justified&#8221; hover_enabled=&#8221;0&#8243; z_index_tablet=&#8221;500&#8243; global_colors_info=&#8221;{}&#8221; sticky_enabled=&#8221;0&#8243;]<\/p>\n<div class=\"page\" title=\"Page 2\">\n<div class=\"section\">\n<div class=\"layoutArea\">\n<div class=\"column\">\n<p style=\"font-weight: 400;\"><strong>Popis:<\/strong>\u00a0 Tato pom\u011brn\u011b ned\u00e1vno vybudovan\u00e1 residence se nach\u00e1z\u00ed v\u00a0klidn\u00e9 \u010d\u00e1sti letoviska,\u00a0 pouh\u00fdch cca 200 metr\u016f od pl\u00e1\u017ee a sou\u010dasn\u011b cca 400 metr\u016f od historick\u00e9ho centra malebn\u00e9ho m\u011bste\u010dka Caorle. V\u00a0okol\u00ed residence supermarket, tenisov\u00e9 kurty, restaurace, bary a obchody. P\u0159\u00edmo pod residenc\u00ed pas\u00e1\u017e s barem, fitness a dal\u0161\u00edmi slu\u017ebami. \u00a0Dostatek ve\u010dern\u00ed z\u00e1bavy v\u00a0centru Caorle.<\/p>\n<p style=\"font-weight: 400;\">\n<p style=\"font-weight: 400;\"><strong>Vybaven\u00ed:<\/strong> V\u00fdtah, Wi-Fi (u baz\u00e9nu, nelze garantovat, slou\u017e\u00ed k b\u011b\u017en\u00e9mu u\u017e\u00edv\u00e1n\u00ed, nikoliv stahov\u00e1n\u00ed velk\u00fdch soubor\u016f, sledov\u00e1n\u00ed film\u016f apod.), baz\u00e9n se slune\u010dn\u00ed terasou (v provozu v\u00a0z\u00e1vislosti na po\u010das\u00ed), kryt\u00e9 parkovi\u0161t\u011b (1 parkovac\u00ed m\u00edsto \/ apartm\u00e1n), V galerii Gran Mado se nach\u00e1z\u00ed tak\u00e9 fitness (za poplatek).<\/p>\n<p style=\"font-weight: 400;\">\n<p style=\"font-weight: 400;\"><strong>Apartm\u00e1ny: <\/strong>Mono pro 4 osoby (k\u00f3d CIN IT027005B4O74RIFYZ) m\u00e1 rozlohu 40 m2 a skl\u00e1d\u00e1 se z ob\u00fdvac\u00edho pokoje s kuchy\u0148sk\u00fdm koutem, rozkl\u00e1dac\u00edm dvoul\u016f\u017ekem a 2 rozkl\u00e1dac\u00edmi k\u0159esly.\u00a0Bilo pro 4 a\u017e 5 osob (k\u00f3d CIN IT027005B4RACVPBSM) m\u00e1 rozlohu cca 50 m2 a skl\u00e1d\u00e1 se z lo\u017enice s man\u017eelskou postel\u00ed a jedn\u00edm samostatn\u00fdm l\u016f\u017ekem a ob\u00fdvac\u00edho pokoje s kuchy\u0148sk\u00fdm koutem a rozkl\u00e1dac\u00edm dvoul\u016f\u017ekem.\u00a0Trilo pro 6 a\u017e 7 osob (k\u00f3d CIN IT027005B4BMSG49JJ) m\u00e1 rozlohu cca 70 m2 a skl\u00e1d\u00e1 se z ob\u00fdvac\u00edho pokoje s kuchy\u0148sk\u00fdm koutem a rozkl\u00e1dac\u00edm gau\u010dem, lo\u017enice s man\u017eelskou postel\u00ed a jedn\u00edm samostatn\u00fdm l\u016f\u017ekem a dal\u0161\u00ed lo\u017enice s palandou. \u00a0V\u0161echny modern\u011b za\u0159\u00edzen\u00e9\u00a0 apartm\u00e1ny jsou vybaveny soci\u00e1ln\u00edm za\u0159\u00edzen\u00edm, trezorem, mikrovlnnou troubou,\u00a0 pra\u010dkou, SAT TV, klimatizac\u00ed a balkonem \u010di terasou.<\/p>\n<p style=\"font-weight: 400;\">\n<p style=\"font-weight: 400;\"><strong>Stravov\u00e1n\u00ed:<\/strong> Bez stravov\u00e1n\u00ed.\u00a0<\/p>\n<p style=\"font-weight: 400;\">\n<p style=\"font-weight: 400;\"><strong>Pl\u00e1\u017e:<\/strong> P\u00edse\u010dn\u00e1 pl\u00e1\u017e s\u00a0pozvoln\u00fdm vstupem do mo\u0159e, ide\u00e1ln\u00ed pro rodiny s\u00a0d\u011btmi, se nach\u00e1z\u00ed cca 200 metr\u016f od residence. Pl\u00e1\u017eov\u00fd servis v\u00a0cen\u011b (v provozu v\u00a0z\u00e1vislosti na po\u010das\u00ed, od cca \u010dervna do z\u00e1\u0159\u00ed).<\/p>\n<p style=\"font-weight: 400;\">\n<p><strong>Telefonick\u00e1 asistence:<\/strong><span style=\"font-weight: 400;\"> Telefonick\u00e1 asistence v \u010dj nebo sj.<\/span><\/p>\n<\/div>\n<\/div>\n<\/div>\n<\/div>\n<p>[\/et_pb_text][\/et_pb_column][\/et_pb_row][et_pb_row use_custom_gutter=&#8221;on&#8221; gutter_width=&#8221;1&#8243; module_id=&#8221;map&#8221; module_class=&#8221; et_pb_row_fullwidth et_pb_row_fullwidth&#8221; _builder_version=&#8221;4.16&#8243; width=&#8221;100%&#8221; width_tablet=&#8221;100%&#8221; width_phone=&#8221;&#8221; width_last_edited=&#8221;on|desktop&#8221; max_width=&#8221;100%&#8221; max_width_tablet=&#8221;100%&#8221; max_width_phone=&#8221;&#8221; max_width_last_edited=&#8221;on|desktop&#8221; make_fullwidth=&#8221;on&#8221; global_colors_info=&#8221;{}&#8221;][et_pb_column type=&#8221;4_4&#8243; _builder_version=&#8221;4.16&#8243; custom_padding=&#8221;|||&#8221; global_colors_info=&#8221;{}&#8221; custom_padding__hover=&#8221;|||&#8221;][et_pb_text _builder_version=&#8221;4.16&#8243; global_colors_info=&#8221;{}&#8221;]<\/p>\n<p>\n<iframe loading=\"lazy\" style=\"border: 0;\" src=\"https:\/\/www.google.com\/maps\/embed?pb=!1m18!1m12!1m3!1d2791.251683589256!2d12.887040715828478!3d45.60558597910294!2m3!1f0!2f0!3f0!3m2!1i1024!2i768!4f13.1!3m3!1m2!1s0x477bf1bdaab7f0ff%3A0x4f1152d0985d62d9!2sResidence+Galleria+Gran+Mad%C3%B2!5e0!3m2!1scs!2scz!4v1550504985202\" width=\"600\" height=\"450\" frameborder=\"0\" allowfullscreen=\"allowfullscreen\"><\/iframe><\/p>\n<p>[\/et_pb_text][\/et_pb_column][\/et_pb_row][\/et_pb_section]<\/p>\n","protected":false},"excerpt":{"rendered":"<p><span style=\"font-size:19px; font-weight: bold; color: #009246; position:relative; bottom: 5px;\">&#9733;&#9733;&#9733;+<\/span> <img decoding=\"async\" src=\"https:\/\/www.italtourist.com\/wp-content\/uploads\/2017\/09\/plaz-1.jpg\" width=\"27px\" alt=\"pl\u00e1\u017e bl\u00edzko hotelu\" title=\"[:cs]pl\u00e1\u017e bl\u00edzko hotelu[:en]near the beach[:]\"> <img decoding=\"async\" src=\"https:\/\/www.italtourist.com\/wp-content\/uploads\/2017\/09\/bazen-1.jpg\" width=\"32px\" alt=\"Baz\u00e9n v hptelu\" title=\"[:cs]baz\u00e9n v objektu[:en]swimming pool[:]\"> <img decoding=\"async\" src=\"https:\/\/www.italtourist.com\/wp-content\/uploads\/2017\/09\/deti-1.jpg\" width=\"25px\" alt=\"vhodn\u00e9 pro rodiny s d\u011btmi\" title=\"[:cs]vhodn\u00e9 pro rodiny s d\u011btmi[:en]for children[:]\"> <img decoding=\"async\" src=\"https:\/\/www.italtourist.com\/wp-content\/uploads\/2017\/09\/parkoviste-1.jpg\" width=\"27px\" alt=\"Bezplatn\u00e9 parkovi\u0161t\u011b\" title=\"[:cs]parkovi\u0161t\u011b[:en]parking[:]\"> <img decoding=\"async\" src=\"https:\/\/www.italtourist.com\/wp-content\/uploads\/2017\/09\/wifi2.jpg\" width=\"32px\" alt=\"bezplatn\u00fd internet v hotelu\" title=\"[:cs]\r\nwifi ve spole\u010dn\u00fdch prostorech hotelu[:en]wifi [:]\"><\/p>\n","protected":false},"author":2,"featured_media":9444,"comment_status":"open","ping_status":"open","sticky":false,"template":"","format":"standard","meta":{"_et_pb_use_builder":"on","_et_pb_old_content":"[gallery columns=\"8\" ids=\"412,413,414,415,416,417,418\"]\r\n<p style=\"text-align: justify;\">\r\n<strong>Popis<\/strong>: Tento p\u0159\u00edjemn\u00fd hotel se nach\u00e1z\u00ed cca 250 metr\u016f od centra Montecatini, cca 200 metr\u016f od l\u00e1zn\u00ed a tak\u00e9 \u017eelezni\u010dn\u00ed stanice. Je slo\u017een\u00fd z hlavn\u00ed budovy a 3 depandanc\u00ed (jedna je vzd\u00e1lena cca 15 metr\u016f \u2013 Villa Rita, druh\u00e1 cca 20 metr\u016f na druh\u00e9 stran\u011b hlavn\u00ed budovy \u2013 Villa Rita Flower a jedna cca 150 metr\u016f Villa Rita Resort \u2013 zde jsou um\u00edst\u011bny jen pokoje, v\u0161echny ostatn\u00ed slu\u017eby jsou poskytov\u00e1ny v hlavn\u00ed budov\u011b, vyjma Villa Rita Resort, kter\u00e1 m\u00e1 svu restauraci).<\/p>\r\n<p style=\"text-align: left;\"><strong>Vybaven\u00ed<\/strong>: Recepce, restaurace, bar, v\u00fdtah (vyjma dep. Villa Rita Flower, kter\u00e1 m\u00e1 jen 2 patra), baz\u00e9n (11x7 m, v provozu v z\u00e1vislosti na po\u010das\u00ed), Wi-Fi, parkovi\u0161t\u011b (za poplatek).<\/p>\r\n<p style=\"text-align: justify;\"><strong>Pokoje<\/strong>: Hotel disponuje celkem 88 pokoji (34 v hlavn\u00ed budov\u011b, 18 v depandanci Villa Rita, 15 ve Villa Rita Flower a 21 ve Villa Rita Resort. V\u0161echny pokoje s mo\u017enost\u00ed p\u0159ist\u00fdlky jsou vybaveny soci\u00e1ln\u00edm za\u0159\u00edzen\u00edm, f\u00e9nem, klimatizac\u00ed\/topen\u00edm (centr\u00e1ln\u00edm, v provozu v ur\u010dit\u00fdch hodin\u00e1ch \u2013 cca 14,00-17,00 a 21,00-8,00), TV, telefonem a \u010d\u00e1ste\u010dn\u011b balkonem (cca 70% pokoj\u016f).K dispozici t\u00e9\u017e propojen\u00e9 \u010dty\u0159l\u016f\u017ekov\u00e9 pokoje s jednou koupelnou (cena jako 2 dbl) a pokoje pro handicapovan\u00e9.<\/p>\r\n<p style=\"text-align: justify;\"><strong>Stravov\u00e1n\u00ed<\/strong>: Sn\u00eddan\u011b formou italsk\u00e9ho zes\u00edlen\u00e9ho bufetu, ve\u010de\u0159e 3 chodov\u00e9 menus bufetem sal\u00e1t\u016f.<\/p>\r\n<p style=\"text-align: justify;\">Asisten\u010dn\u00ed slu\u017eba na telefonu: Asiste\u010dn\u00ed slu\u017eba v\u00a0\u010desk\u00e9m nebo slovensk\u00e9m jazyce v\u00a0obdob\u00ed od 21.4. do 27.10.2018.<\/p>\r\n<p id=\"map\">Hotel na map\u011b<\/p>\r\nMONTECATINI TERME, TOSCANA\r\n[pw_map address=\u201dVia Marconi 1, Montecatini Terme\u201d key=\u201dAIzaSyBtVAx4e0kyXY6B5rPBKuaX3z_KFlc4RYU\u201d]","_et_gb_content_width":"","footnotes":""},"categories":[84,10],"tags":[5],"class_list":["post-9439","post","type-post","status-publish","format-standard","has-post-thumbnail","hentry","category-caorle","category-veneto","tag-letni"],"_links":{"self":[{"href":"https:\/\/www.italtourist.com\/en\/wp-json\/wp\/v2\/posts\/9439","targetHints":{"allow":["GET"]}}],"collection":[{"href":"https:\/\/www.italtourist.com\/en\/wp-json\/wp\/v2\/posts"}],"about":[{"href":"https:\/\/www.italtourist.com\/en\/wp-json\/wp\/v2\/types\/post"}],"author":[{"embeddable":true,"href":"https:\/\/www.italtourist.com\/en\/wp-json\/wp\/v2\/users\/2"}],"replies":[{"embeddable":true,"href":"https:\/\/www.italtourist.com\/en\/wp-json\/wp\/v2\/comments?post=9439"}],"version-history":[{"count":3,"href":"https:\/\/www.italtourist.com\/en\/wp-json\/wp\/v2\/posts\/9439\/revisions"}],"predecessor-version":[{"id":13261,"href":"https:\/\/www.italtourist.com\/en\/wp-json\/wp\/v2\/posts\/9439\/revisions\/13261"}],"wp:featuredmedia":[{"embeddable":true,"href":"https:\/\/www.italtourist.com\/en\/wp-json\/wp\/v2\/media\/9444"}],"wp:attachment":[{"href":"https:\/\/www.italtourist.com\/en\/wp-json\/wp\/v2\/media?parent=9439"}],"wp:term":[{"taxonomy":"category","embeddable":true,"href":"https:\/\/www.italtourist.com\/en\/wp-json\/wp\/v2\/categories?post=9439"},{"taxonomy":"post_tag","embeddable":true,"href":"https:\/\/www.italtourist.com\/en\/wp-json\/wp\/v2\/tags?post=9439"}],"curies":[{"name":"wp","href":"https:\/\/api.w.org\/{rel}","templated":true}]}}