{"id":8849,"date":"2018-12-01T22:09:58","date_gmt":"2018-12-01T21:09:58","guid":{"rendered":"https:\/\/www.italtourist.com\/?p=8849"},"modified":"2020-02-03T17:04:27","modified_gmt":"2020-02-03T16:04:27","slug":"hotel-calabresi","status":"publish","type":"post","link":"https:\/\/www.italtourist.com\/en\/hotel-calabresi\/","title":{"rendered":"HOTEL CALABRESI"},"content":{"rendered":"<p>[et_pb_section bb_built=&#8221;1&#8243; _builder_version=&#8221;3.0.71&#8243; custom_padding=&#8221;0px|||&#8221;][et_pb_row _builder_version=&#8221;3.0.71&#8243; background_repeat_1=&#8221;no-repeat&#8221; use_custom_gutter=&#8221;on&#8221; gutter_width=&#8221;2&#8243; custom_margin=&#8221;0px|||&#8221; custom_padding=&#8221;0px|||&#8221;][et_pb_column type=&#8221;4_4&#8243;][et_pb_gallery _builder_version=&#8221;3.0.106&#8243; posts_number=&#8221;20&#8243; show_title_and_caption=&#8221;off&#8221; show_pagination=&#8221;off&#8221; gallery_ids=&#8221;8851,8855,8854,8856,8857,8858,8852,8853,8860,8859&#8243; fullwidth=&#8221;off&#8221; orientation=&#8221;landscape&#8221; zoom_icon_color=&#8221;#009246&#8243; hover_overlay_color=&#8221;rgba(255,255,255,0.9)&#8221; hover_icon=&#8221;%%200%%&#8221; background_layout=&#8221;light&#8221; custom_css_gallery_item=&#8221;width:50%;||padding: 0px;||margin: 0px;&#8221; pagination_font_size_tablet=&#8221;51&#8243; pagination_line_height_tablet=&#8221;2&#8243; \/][\/et_pb_column][\/et_pb_row][et_pb_row _builder_version=&#8221;3.0.71&#8243;][et_pb_column type=&#8221;4_4&#8243;][et_pb_text _builder_version=&#8221;3.0.106&#8243; background_layout=&#8221;light&#8221; text_orientation=&#8221;justified&#8221;]<\/p>\n<p><strong>Popis:<\/strong> Jednodu\u0161\u0161\u00ed hotel Calabresi nab\u00edz\u00ed v\u00fdbornou pozici v centru San Benedetta del Tronto, p\u00e1r krok\u016f za\u010d\u00e1tku p\u011b\u0161\u00ed z\u00f3ny s obchody, bary a restauracemi, v z\u00f3n\u011b turistick\u00e9ho p\u0159\u00edstavu a cca 400 m od pl\u00e1\u017ee se slu\u017ebou shuttle bus zdarma.<\/p>\n<p><strong>Vybaven\u00ed:<\/strong> Recepce, bar, restaurace, Wi Fi zdarma, v\u00fdtah, parkovi\u0161t\u011b a gar\u00e1\u017ee, pr\u00e1delna a 2 konfere\u010dn\u00ed m\u00edstnosti.<\/p>\n<p><strong>Pokoje:<\/strong> Dvoul\u016f\u017ekov\u00e9 hotelov\u00e9 pokoje s mo\u017enost\u00ed 2 p\u0159ist\u00fdlek (m\u016f\u017ee b\u00fdt i palanda) jsou vybaveny soci\u00e1ln\u00edm za\u0159\u00edzen\u00edm, f\u00e9nem, SAT TV, Wi-Fi, trezorem, minibarem, klimatizac\u00ed a n\u011bkter\u00e9 balkonem (na vy\u017e\u00e1d\u00e1n\u00ed).<\/p>\n<p><strong>Stravov\u00e1n\u00ed:<\/strong> Sn\u00eddan\u011b formou bufetu, ob\u011bdy a ve\u010de\u0159e serv\u00edrovan\u00e9 o 4 chodech.<\/p>\n<p><strong>Pl\u00e1\u017e:<\/strong> P\u00edse\u010dn\u00e1 pl\u00e1\u017e je cca 400m od hotelu, pl\u00e1\u017eov\u00fd servis (1 slune\u010dn\u00edk a 2 leh\u00e1tka) v cen\u011b. K dispozici zdarma pl\u00e1\u017eov\u00e9 osu\u0161ky a shuttle bus na pl\u00e1\u017e.<\/p>\n<p><strong>Telefonick\u00e1 asistence:<\/strong> Telefonick\u00e1 asistence v \u010desk\u00e9m nebo slovensk\u00e9m jazyce. V obdob\u00ed 15.6.-14.9. v letovisku deleg\u00e1t, klient\u016fm k dispozici 1x t\u00fddn\u011b s nab\u00eddkou fakultativn\u00edch v\u00fdlet\u016f.<\/p>\n<p><strong>\u00a0<\/strong><\/p>\n<p><strong>\u00a0<\/strong><\/p>\n<p>[\/et_pb_text][\/et_pb_column][\/et_pb_row][et_pb_row _builder_version=&#8221;3.0.71&#8243; background_repeat_1=&#8221;no-repeat&#8221; make_fullwidth=&#8221;on&#8221; use_custom_gutter=&#8221;on&#8221; gutter_width=&#8221;1&#8243; module_id=&#8221;map&#8221;][et_pb_column type=&#8221;4_4&#8243;][et_pb_text _builder_version=&#8221;3.0.106&#8243; background_layout=&#8221;light&#8221;]<\/p>\n<p><iframe loading=\"lazy\" style=\"border: 0;\" src=\"https:\/\/www.google.com\/maps\/embed?pb=!1m18!1m12!1m3!1d2920.216714847165!2d13.882425115616105!3d42.952637305464734!2m3!1f0!2f0!3f0!3m2!1i1024!2i768!4f13.1!3m3!1m2!1s0x13321fc53e4b6c1b%3A0x3628e33322ee8085!2sHotel+Calabresi!5e0!3m2!1scs!2scz!4v1543698508674\" width=\"600\" height=\"450\" frameborder=\"0\" allowfullscreen=\"allowfullscreen\"><\/iframe><\/p>\n<p>[\/et_pb_text][et_pb_code _builder_version=&#8221;3.0.71&#8243; \/][\/et_pb_column][\/et_pb_row][\/et_pb_section]<\/p>","protected":false},"excerpt":{"rendered":"<p> <span style=\"font-size:19px; font-weight: bold; color: #009246; position:relative; bottom: 5px;\">&#9733;&#9733;&#9733;&#9733;<\/span> <img decoding=\"async\" src=\"https:\/\/www.italtourist.com\/wp-content\/uploads\/2017\/09\/wifi2.jpg\" width=\"32px\" alt=\"bezplatn\u00fd internet v hotelu\" title=\"[:cs]\r\nwifi ve spole\u010dn\u00fdch prostorech hotelu[:en]wifi [:]\"> <img decoding=\"async\" src=\"https:\/\/www.italtourist.com\/wp-content\/uploads\/2017\/09\/plaz-1.jpg\" width=\"27px\" alt=\"pl\u00e1\u017e bl\u00edzko hotelu\" title=\"[:cs]pl\u00e1\u017e bl\u00edzko hotelu[:en]near the beach[:]\"> <img decoding=\"async\" src=\"https:\/\/www.italtourist.com\/wp-content\/uploads\/2017\/09\/deti-1.jpg\" width=\"25px\" alt=\"vhodn\u00e9 pro rodiny s d\u011btmi\" title=\"[:cs]vhodn\u00e9 pro rodiny s d\u011btmi[:en]for children[:]\"> <img decoding=\"async\" src=\"https:\/\/www.italtourist.com\/wp-content\/uploads\/2017\/09\/parkoviste-1.jpg\" width=\"27px\" alt=\"Bezplatn\u00e9 parkovi\u0161t\u011b\" title=\"[:cs]parkovi\u0161t\u011b[:en]parking[:]\"> <img decoding=\"async\" src=\"https:\/\/www.italtourist.com\/wp-content\/uploads\/2017\/09\/pes.jpg\" width=\"30px\" alt=\"pobyt se psem mo\u017en\u00fd\" title=\"[:cs]pobyt se psem mo\u017en\u00fd[:en]animals accepted[:]\"> <img decoding=\"async\" src=\"https:\/\/www.italtourist.com\/wp-content\/uploads\/2017\/09\/restaurace-1.jpg\" width=\"34px\" alt=\"restauracev hotelu\" title=\"[:cs]restaurace v objektu[:en]restaurant[:]\"> <span style=\"font-size:20px; font-weight: bold; color: #000; position:relative; bottom: 5px;\" title=\"[:cs]stravov\u00e1n\u00ed formou polopenze[:en]halfboard[:]\">HB<\/span> <span style=\"font-size:20px; font-weight: bold; color: #000; position:relative; bottom: 5px;\" title=\"[:cs]stravov\u00e1n\u00ed formou pln\u00e9 penze[:en]fullboard[:]\">FB<\/span><\/p>\n","protected":false},"author":2,"featured_media":8850,"comment_status":"open","ping_status":"open","sticky":false,"template":"","format":"standard","meta":{"_et_pb_use_builder":"on","_et_pb_old_content":"[gallery columns=\"8\" ids=\"412,413,414,415,416,417,418\"]\r\n<p style=\"text-align: justify;\">\r\n<strong>Popis<\/strong>: Tento p\u0159\u00edjemn\u00fd hotel se nach\u00e1z\u00ed cca 250 metr\u016f od centra Montecatini, cca 200 metr\u016f od l\u00e1zn\u00ed a tak\u00e9 \u017eelezni\u010dn\u00ed stanice. Je slo\u017een\u00fd z hlavn\u00ed budovy a 3 depandanc\u00ed (jedna je vzd\u00e1lena cca 15 metr\u016f \u2013 Villa Rita, druh\u00e1 cca 20 metr\u016f na druh\u00e9 stran\u011b hlavn\u00ed budovy \u2013 Villa Rita Flower a jedna cca 150 metr\u016f Villa Rita Resort \u2013 zde jsou um\u00edst\u011bny jen pokoje, v\u0161echny ostatn\u00ed slu\u017eby jsou poskytov\u00e1ny v hlavn\u00ed budov\u011b, vyjma Villa Rita Resort, kter\u00e1 m\u00e1 svu restauraci).<\/p>\r\n<p style=\"text-align: left;\"><strong>Vybaven\u00ed<\/strong>: Recepce, restaurace, bar, v\u00fdtah (vyjma dep. Villa Rita Flower, kter\u00e1 m\u00e1 jen 2 patra), baz\u00e9n (11x7 m, v provozu v z\u00e1vislosti na po\u010das\u00ed), Wi-Fi, parkovi\u0161t\u011b (za poplatek).<\/p>\r\n<p style=\"text-align: justify;\"><strong>Pokoje<\/strong>: Hotel disponuje celkem 88 pokoji (34 v hlavn\u00ed budov\u011b, 18 v depandanci Villa Rita, 15 ve Villa Rita Flower a 21 ve Villa Rita Resort. V\u0161echny pokoje s mo\u017enost\u00ed p\u0159ist\u00fdlky jsou vybaveny soci\u00e1ln\u00edm za\u0159\u00edzen\u00edm, f\u00e9nem, klimatizac\u00ed\/topen\u00edm (centr\u00e1ln\u00edm, v provozu v ur\u010dit\u00fdch hodin\u00e1ch \u2013 cca 14,00-17,00 a 21,00-8,00), TV, telefonem a \u010d\u00e1ste\u010dn\u011b balkonem (cca 70% pokoj\u016f).K dispozici t\u00e9\u017e propojen\u00e9 \u010dty\u0159l\u016f\u017ekov\u00e9 pokoje s jednou koupelnou (cena jako 2 dbl) a pokoje pro handicapovan\u00e9.<\/p>\r\n<p style=\"text-align: justify;\"><strong>Stravov\u00e1n\u00ed<\/strong>: Sn\u00eddan\u011b formou italsk\u00e9ho zes\u00edlen\u00e9ho bufetu, ve\u010de\u0159e 3 chodov\u00e9 menus bufetem sal\u00e1t\u016f.<\/p>\r\n<p style=\"text-align: justify;\">Asisten\u010dn\u00ed slu\u017eba na telefonu: Asiste\u010dn\u00ed slu\u017eba v\u00a0\u010desk\u00e9m nebo slovensk\u00e9m jazyce v\u00a0obdob\u00ed od 21.4. do 27.10.2018.<\/p>\r\n<p id=\"map\">Hotel na map\u011b<\/p>\r\nMONTECATINI TERME, TOSCANA\r\n[pw_map address=\u201dVia Marconi 1, Montecatini Terme\u201d key=\u201dAIzaSyBtVAx4e0kyXY6B5rPBKuaX3z_KFlc4RYU\u201d]","_et_gb_content_width":"","footnotes":""},"categories":[18,78],"tags":[5],"class_list":["post-8849","post","type-post","status-publish","format-standard","has-post-thumbnail","hentry","category-marche","category-san-benedetto-del-tronto","tag-letni"],"_links":{"self":[{"href":"https:\/\/www.italtourist.com\/en\/wp-json\/wp\/v2\/posts\/8849","targetHints":{"allow":["GET"]}}],"collection":[{"href":"https:\/\/www.italtourist.com\/en\/wp-json\/wp\/v2\/posts"}],"about":[{"href":"https:\/\/www.italtourist.com\/en\/wp-json\/wp\/v2\/types\/post"}],"author":[{"embeddable":true,"href":"https:\/\/www.italtourist.com\/en\/wp-json\/wp\/v2\/users\/2"}],"replies":[{"embeddable":true,"href":"https:\/\/www.italtourist.com\/en\/wp-json\/wp\/v2\/comments?post=8849"}],"version-history":[{"count":3,"href":"https:\/\/www.italtourist.com\/en\/wp-json\/wp\/v2\/posts\/8849\/revisions"}],"predecessor-version":[{"id":11282,"href":"https:\/\/www.italtourist.com\/en\/wp-json\/wp\/v2\/posts\/8849\/revisions\/11282"}],"wp:featuredmedia":[{"embeddable":true,"href":"https:\/\/www.italtourist.com\/en\/wp-json\/wp\/v2\/media\/8850"}],"wp:attachment":[{"href":"https:\/\/www.italtourist.com\/en\/wp-json\/wp\/v2\/media?parent=8849"}],"wp:term":[{"taxonomy":"category","embeddable":true,"href":"https:\/\/www.italtourist.com\/en\/wp-json\/wp\/v2\/categories?post=8849"},{"taxonomy":"post_tag","embeddable":true,"href":"https:\/\/www.italtourist.com\/en\/wp-json\/wp\/v2\/tags?post=8849"}],"curies":[{"name":"wp","href":"https:\/\/api.w.org\/{rel}","templated":true}]}}