{"id":4735,"date":"2017-12-13T20:42:11","date_gmt":"2017-12-13T19:42:11","guid":{"rendered":"https:\/\/www.italtourist.com\/?p=4735"},"modified":"2025-06-04T16:15:19","modified_gmt":"2025-06-04T15:15:19","slug":"residence-margherita","status":"publish","type":"post","link":"https:\/\/www.italtourist.com\/en\/residence-margherita\/","title":{"rendered":"RESIDENCE MARGHERITA"},"content":{"rendered":"<p>[et_pb_section fb_built=&#8221;1&#8243; _builder_version=&#8221;4.16&#8243; custom_padding=&#8221;0px|||&#8221; global_colors_info=&#8221;{}&#8221;][et_pb_row use_custom_gutter=&#8221;on&#8221; gutter_width=&#8221;2&#8243; _builder_version=&#8221;4.16&#8243; custom_margin=&#8221;0px|||&#8221; custom_padding=&#8221;0px|||&#8221; global_colors_info=&#8221;{}&#8221;][et_pb_column type=&#8221;4_4&#8243; _builder_version=&#8221;4.16&#8243; custom_padding=&#8221;|||&#8221; global_colors_info=&#8221;{}&#8221; custom_padding__hover=&#8221;|||&#8221;][et_pb_gallery gallery_ids=&#8221;4737,4751,4740,4752,4754,4755,4774,4771,4738,4739,4741,4743,4744,4745,4746,4747,4748,4756,4757,4758,4763,4764,4765,4768,4769,4762,4766,4750,4749,4767,4770,4772,4773&#8243; posts_number=&#8221;20&#8243; show_title_and_caption=&#8221;off&#8221; show_pagination=&#8221;off&#8221; zoom_icon_color=&#8221;#009246&#8243; hover_icon=&#8221;&#xe050;||divi||400&#8243; _builder_version=&#8221;4.27.4&#8243; hover_enabled=&#8221;0&#8243; custom_css_gallery_item=&#8221;width:50%;||padding: 0px;||margin: 0px;&#8221; border_style=&#8221;solid&#8221; global_colors_info=&#8221;{}&#8221; sticky_enabled=&#8221;0&#8243;][\/et_pb_gallery][\/et_pb_column][\/et_pb_row][et_pb_row _builder_version=&#8221;4.16&#8243; global_colors_info=&#8221;{}&#8221;][et_pb_column type=&#8221;4_4&#8243; _builder_version=&#8221;4.16&#8243; custom_padding=&#8221;|||&#8221; global_colors_info=&#8221;{}&#8221; custom_padding__hover=&#8221;|||&#8221;][et_pb_text _builder_version=&#8221;4.27.4&#8243; text_orientation=&#8221;justified&#8221; z_index_tablet=&#8221;500&#8243; global_colors_info=&#8221;{}&#8221;]<\/p>\n<div class=\"page\" title=\"Page 2\">\n<div class=\"section\">\n<div class=\"layoutArea\">\n<div class=\"column\">\n<div class=\"page\" title=\"Page 2\">\n<div class=\"section\">\n<div class=\"layoutArea\">\n<div class=\"column\">\n<div class=\"page\" title=\"Page 2\">\n<div class=\"section\">\n<div class=\"layoutArea\">\n<div class=\"column\">\n<div class=\"page\" title=\"Page 2\">\n<div class=\"section\">\n<div class=\"layoutArea\">\n<div class=\"column\">\n<div class=\"page\" title=\"Page 2\">\n<div class=\"section\">\n<div class=\"layoutArea\">\n<div class=\"column\">\n<div class=\"page\" title=\"Page 2\">\n<div class=\"section\">\n<div class=\"layoutArea\">\n<div class=\"column\">\n<div class=\"page\" title=\"Page 2\">\n<div class=\"section\">\n<div class=\"layoutArea\">\n<div class=\"column\">\n<p style=\"font-weight: 400;\"><strong>Popis:\u00a0 <\/strong>Residence Margherita byla postavena u pl\u00e1\u017ee (cca 10 metr\u016f) na klidn\u00e9m m\u00edst\u011b letoviska Porto Santa Margherita.<strong>\u00a0\u00a0\u00a0\u00a0\u00a0\u00a0 <\/strong><\/p>\n<p style=\"font-weight: 400;\"><strong>\u00a0<\/strong><\/p>\n<p style=\"font-weight: 400;\"><strong>Vybaven\u00ed: <\/strong>V\u00fdtah, parkovi\u0161t\u011b.<\/p>\n<p style=\"font-weight: 400;\"><strong>\u00a0<\/strong><\/p>\n<p style=\"font-weight: 400;\"><strong>Apartm\u00e1ny:\u00a0 <\/strong>Bilo pro 4 osoby (Marg 5) se skl\u00e1d\u00e1 z lo\u017enice s man\u017eelskou postel\u00ed a ob\u00fdvac\u00edho pokoje s kuchy\u0148sk\u00fdm koutem a rozkl\u00e1dac\u00edm \/ vysouvac\u00edm dvoul\u016f\u017ekem (n\u011bkdy men\u0161\u00edch rozm\u011br\u016f). Bilo pro 5 osob (Marg 24\/73) se skl\u00e1d\u00e1 z lo\u017enice s man\u017eelskou postel\u00ed a p\u0159\u00edpadn\u011b dal\u0161\u00edho l\u016f\u017eka a ob\u00fdvac\u00edho pokoje s kuchy\u0148sk\u00fdm koutem a rozkl\u00e1dac\u00edm \/ vysouvac\u00edm dvoul\u016f\u017ekem.\u00a0 \u00a0Trilo pro 6 osob (Marg 40) se skl\u00e1d\u00e1 ze dvou lo\u017enic s dvoul\u016f\u017ekem a ob\u00fdvac\u00edho pokoje s rozkl\u00e1dac\u00ed \/ vysouvac\u00ed pohovkou. V\u0161echny apartm\u00e1ny maj\u00ed soci\u00e1ln\u00ed za\u0159\u00edzen\u00ed, TV, mikrovlnnou troubu (n\u011bkter\u00e9 apartm\u00e1ny),\u00a0 pra\u010dku (n\u011bkter\u00e9 apartm\u00e1ny), klimatizaci (na vy\u017e\u00e1d\u00e1n\u00ed za poplatek) a balkon \u010di terasu.<\/p>\n<p style=\"font-weight: 400;\"><strong>\u00a0<\/strong><\/p>\n<p style=\"font-weight: 400;\"><strong>Stravov\u00e1n\u00ed: <\/strong>Bez stravov\u00e1n\u00ed.\u00a0<\/p>\n<p style=\"font-weight: 400;\"><strong>\u00a0<\/strong><\/p>\n<p style=\"font-weight: 400;\"><strong>Pl\u00e1\u017e: <\/strong>P\u00edse\u010dn\u00e1 pl\u00e1\u017e s pozvoln\u00fdm vstupem do mo\u0159e, ide\u00e1ln\u00ed pro rodiny s d\u011btmi, se nach\u00e1z\u00ed cca 10\u00a0 metr\u016f od residence, pl\u00e1\u017eov\u00fd servis (1 slune\u010dn\u00edk, leh\u00e1tko a k\u0159es\u00edlko) v cen\u011b.<\/p>\n<p style=\"font-weight: 400;\">\n<p><strong>Telefonick\u00e1 asistence:<\/strong><span style=\"font-weight: 400;\"> Telefonick\u00e1 asistence v \u010dj nebo sj. <\/span><\/p>\n<\/div>\n<\/div>\n<\/div>\n<\/div>\n<\/div>\n<\/div>\n<\/div>\n<\/div>\n<\/div>\n<\/div>\n<\/div>\n<\/div>\n<\/div>\n<\/div>\n<\/div>\n<\/div>\n<\/div>\n<\/div>\n<\/div>\n<\/div>\n<\/div>\n<\/div>\n<\/div>\n<\/div>\n<\/div>\n<\/div>\n<\/div>\n<\/div>\n<p>[\/et_pb_text][\/et_pb_column][\/et_pb_row][et_pb_row use_custom_gutter=&#8221;on&#8221; gutter_width=&#8221;1&#8243; module_id=&#8221;map&#8221; module_class=&#8221; et_pb_row_fullwidth et_pb_row_fullwidth&#8221; _builder_version=&#8221;4.16&#8243; width=&#8221;100%&#8221; width_tablet=&#8221;100%&#8221; width_phone=&#8221;&#8221; width_last_edited=&#8221;on|desktop&#8221; max_width=&#8221;100%&#8221; max_width_tablet=&#8221;100%&#8221; max_width_phone=&#8221;&#8221; max_width_last_edited=&#8221;on|desktop&#8221; make_fullwidth=&#8221;on&#8221; global_colors_info=&#8221;{}&#8221;][et_pb_column type=&#8221;4_4&#8243; _builder_version=&#8221;4.16&#8243; custom_padding=&#8221;|||&#8221; global_colors_info=&#8221;{}&#8221; custom_padding__hover=&#8221;|||&#8221;][et_pb_text _builder_version=&#8221;4.16&#8243; border_style=&#8221;solid&#8221; global_colors_info=&#8221;{}&#8221;]<\/p>\n<p>\n<iframe loading=\"lazy\" style=\"border: 0;\" src=\"https:\/\/www.google.com\/maps\/embed?pb=!1m18!1m12!1m3!1d4214.064432027313!2d10.350068763139383!3d42.79638852963253!2m3!1f0!2f0!3f0!3m2!1i1024!2i768!4f13.1!3m3!1m2!1s0x477bf0e674598013%3A0x6ff2e2c14962f5ab!2sVia+Bragadin%2C+7%2C+30021+Porto+Santa+Margherita+VE%2C+It%C3%A1lie!5e0!3m2!1scs!2scz!4v1513194024688\" width=\"600\" height=\"450\" frameborder=\"0\" allowfullscreen=\"allowfullscreen\"><\/iframe><\/p>\n<p>[\/et_pb_text][\/et_pb_column][\/et_pb_row][\/et_pb_section]<\/p>\n","protected":false},"excerpt":{"rendered":"<p><span style=\"font-size:19px; font-weight: bold; color: #009246; position:relative; bottom: 5px;\">&#9733;&#9733;&#9733;<\/span> <img decoding=\"async\" src=\"https:\/\/www.italtourist.com\/wp-content\/uploads\/2017\/09\/plaz-1.jpg\" width=\"27px\" alt=\"pl\u00e1\u017e bl\u00edzko hotelu\" title=\"[:cs]pl\u00e1\u017e bl\u00edzko hotelu[:en]near the beach[:]\"> <img decoding=\"async\" src=\"https:\/\/www.italtourist.com\/wp-content\/uploads\/2017\/09\/deti-1.jpg\" width=\"25px\" alt=\"vhodn\u00e9 pro rodiny s d\u011btmi\" title=\"[:cs]vhodn\u00e9 pro rodiny s d\u011btmi[:en]for children[:]\"> <img decoding=\"async\" src=\"https:\/\/www.italtourist.com\/wp-content\/uploads\/2017\/09\/parkoviste-1.jpg\" width=\"27px\" alt=\"Bezplatn\u00e9 parkovi\u0161t\u011b\" title=\"[:cs]parkovi\u0161t\u011b[:en]parking[:]\"> <img decoding=\"async\" src=\"https:\/\/www.italtourist.com\/wp-content\/uploads\/2017\/09\/pes.jpg\" width=\"30px\" alt=\"pobyt se psem mo\u017en\u00fd\" title=\"[:cs]pobyt se psem mo\u017en\u00fd[:en]animals accepted[:]\"><\/p>\n","protected":false},"author":2,"featured_media":4753,"comment_status":"open","ping_status":"open","sticky":false,"template":"","format":"standard","meta":{"_et_pb_use_builder":"on","_et_pb_old_content":"[gallery columns=\"8\" ids=\"412,413,414,415,416,417,418\"]\r\n<p style=\"text-align: justify;\">\r\n<strong>Popis<\/strong>: Tento p\u0159\u00edjemn\u00fd hotel se nach\u00e1z\u00ed cca 250 metr\u016f od centra Montecatini, cca 200 metr\u016f od l\u00e1zn\u00ed a tak\u00e9 \u017eelezni\u010dn\u00ed stanice. Je slo\u017een\u00fd z hlavn\u00ed budovy a 3 depandanc\u00ed (jedna je vzd\u00e1lena cca 15 metr\u016f \u2013 Villa Rita, druh\u00e1 cca 20 metr\u016f na druh\u00e9 stran\u011b hlavn\u00ed budovy \u2013 Villa Rita Flower a jedna cca 150 metr\u016f Villa Rita Resort \u2013 zde jsou um\u00edst\u011bny jen pokoje, v\u0161echny ostatn\u00ed slu\u017eby jsou poskytov\u00e1ny v hlavn\u00ed budov\u011b, vyjma Villa Rita Resort, kter\u00e1 m\u00e1 svu restauraci).<\/p>\r\n<p style=\"text-align: left;\"><strong>Vybaven\u00ed<\/strong>: Recepce, restaurace, bar, v\u00fdtah (vyjma dep. Villa Rita Flower, kter\u00e1 m\u00e1 jen 2 patra), baz\u00e9n (11x7 m, v provozu v z\u00e1vislosti na po\u010das\u00ed), Wi-Fi, parkovi\u0161t\u011b (za poplatek).<\/p>\r\n<p style=\"text-align: justify;\"><strong>Pokoje<\/strong>: Hotel disponuje celkem 88 pokoji (34 v hlavn\u00ed budov\u011b, 18 v depandanci Villa Rita, 15 ve Villa Rita Flower a 21 ve Villa Rita Resort. V\u0161echny pokoje s mo\u017enost\u00ed p\u0159ist\u00fdlky jsou vybaveny soci\u00e1ln\u00edm za\u0159\u00edzen\u00edm, f\u00e9nem, klimatizac\u00ed\/topen\u00edm (centr\u00e1ln\u00edm, v provozu v ur\u010dit\u00fdch hodin\u00e1ch \u2013 cca 14,00-17,00 a 21,00-8,00), TV, telefonem a \u010d\u00e1ste\u010dn\u011b balkonem (cca 70% pokoj\u016f).K dispozici t\u00e9\u017e propojen\u00e9 \u010dty\u0159l\u016f\u017ekov\u00e9 pokoje s jednou koupelnou (cena jako 2 dbl) a pokoje pro handicapovan\u00e9.<\/p>\r\n<p style=\"text-align: justify;\"><strong>Stravov\u00e1n\u00ed<\/strong>: Sn\u00eddan\u011b formou italsk\u00e9ho zes\u00edlen\u00e9ho bufetu, ve\u010de\u0159e 3 chodov\u00e9 menus bufetem sal\u00e1t\u016f.<\/p>\r\n<p style=\"text-align: justify;\">Asisten\u010dn\u00ed slu\u017eba na telefonu: Asiste\u010dn\u00ed slu\u017eba v\u00a0\u010desk\u00e9m nebo slovensk\u00e9m jazyce v\u00a0obdob\u00ed od 21.4. do 27.10.2018.<\/p>\r\n<p id=\"map\">Hotel na map\u011b<\/p>\r\nMONTECATINI TERME, TOSCANA\r\n[pw_map address=\u201dVia Marconi 1, Montecatini Terme\u201d key=\u201dAIzaSyBtVAx4e0kyXY6B5rPBKuaX3z_KFlc4RYU\u201d]","_et_gb_content_width":"","footnotes":""},"categories":[86,10],"tags":[5],"class_list":["post-4735","post","type-post","status-publish","format-standard","has-post-thumbnail","hentry","category-porto-santa-margherita","category-veneto","tag-letni"],"_links":{"self":[{"href":"https:\/\/www.italtourist.com\/en\/wp-json\/wp\/v2\/posts\/4735","targetHints":{"allow":["GET"]}}],"collection":[{"href":"https:\/\/www.italtourist.com\/en\/wp-json\/wp\/v2\/posts"}],"about":[{"href":"https:\/\/www.italtourist.com\/en\/wp-json\/wp\/v2\/types\/post"}],"author":[{"embeddable":true,"href":"https:\/\/www.italtourist.com\/en\/wp-json\/wp\/v2\/users\/2"}],"replies":[{"embeddable":true,"href":"https:\/\/www.italtourist.com\/en\/wp-json\/wp\/v2\/comments?post=4735"}],"version-history":[{"count":7,"href":"https:\/\/www.italtourist.com\/en\/wp-json\/wp\/v2\/posts\/4735\/revisions"}],"predecessor-version":[{"id":13935,"href":"https:\/\/www.italtourist.com\/en\/wp-json\/wp\/v2\/posts\/4735\/revisions\/13935"}],"wp:featuredmedia":[{"embeddable":true,"href":"https:\/\/www.italtourist.com\/en\/wp-json\/wp\/v2\/media\/4753"}],"wp:attachment":[{"href":"https:\/\/www.italtourist.com\/en\/wp-json\/wp\/v2\/media?parent=4735"}],"wp:term":[{"taxonomy":"category","embeddable":true,"href":"https:\/\/www.italtourist.com\/en\/wp-json\/wp\/v2\/categories?post=4735"},{"taxonomy":"post_tag","embeddable":true,"href":"https:\/\/www.italtourist.com\/en\/wp-json\/wp\/v2\/tags?post=4735"}],"curies":[{"name":"wp","href":"https:\/\/api.w.org\/{rel}","templated":true}]}}