{"id":11994,"date":"2020-02-08T11:58:13","date_gmt":"2020-02-08T10:58:13","guid":{"rendered":"https:\/\/www.italtourist.com\/?p=11994"},"modified":"2025-06-04T16:13:41","modified_gmt":"2025-06-04T15:13:41","slug":"residence-holiday","status":"publish","type":"post","link":"https:\/\/www.italtourist.com\/en\/residence-holiday\/","title":{"rendered":"RESIDENCE HOLIDAY"},"content":{"rendered":"<p>[et_pb_section fb_built=&#8221;1&#8243; _builder_version=&#8221;4.16&#8243; custom_padding=&#8221;0px|||&#8221; global_colors_info=&#8221;{}&#8221;][et_pb_row use_custom_gutter=&#8221;on&#8221; gutter_width=&#8221;2&#8243; _builder_version=&#8221;4.16&#8243; custom_margin=&#8221;0px|||&#8221; custom_padding=&#8221;0px|||&#8221; global_colors_info=&#8221;{}&#8221;][et_pb_column type=&#8221;4_4&#8243; _builder_version=&#8221;4.16&#8243; custom_padding=&#8221;|||&#8221; global_colors_info=&#8221;{}&#8221; custom_padding__hover=&#8221;|||&#8221;][et_pb_gallery gallery_ids=&#8221;12006,12007,11998,11995,11996,11997,12002,12003,12000,12001,11999,12005,12008,12009,12010,12011,12012,12013,12015&#8243; posts_number=&#8221;20&#8243; show_title_and_caption=&#8221;off&#8221; show_pagination=&#8221;off&#8221; zoom_icon_color=&#8221;#009246&#8243; hover_icon=&#8221;&#xe050;||divi||400&#8243; _builder_version=&#8221;4.16&#8243; pagination_font_size_tablet=&#8221;51&#8243; pagination_line_height_tablet=&#8221;2&#8243; z_index_tablet=&#8221;500&#8243; custom_css_gallery_item=&#8221;width:50%;||padding: 0px;||margin: 0px;&#8221; global_colors_info=&#8221;{}&#8221;][\/et_pb_gallery][\/et_pb_column][\/et_pb_row][et_pb_row _builder_version=&#8221;4.16&#8243; global_colors_info=&#8221;{}&#8221;][et_pb_column type=&#8221;4_4&#8243; _builder_version=&#8221;4.16&#8243; custom_padding=&#8221;|||&#8221; global_colors_info=&#8221;{}&#8221; custom_padding__hover=&#8221;|||&#8221;][et_pb_text _builder_version=&#8221;4.27.4&#8243; text_orientation=&#8221;justified&#8221; hover_enabled=&#8221;0&#8243; z_index_tablet=&#8221;500&#8243; global_colors_info=&#8221;{}&#8221; sticky_enabled=&#8221;0&#8243;]<\/p>\n<div class=\"page\" title=\"Page 2\">\n<div class=\"section\">\n<div class=\"layoutArea\">\n<div class=\"column\">\n<p style=\"font-weight: 400;\"><strong>Popis:<\/strong>\u00a0 Velk\u00fd komplex residence Holiday se skl\u00e1d\u00e1 z\u00a0n\u011bkolika budov, je um\u00edst\u011bn\u00fd p\u0159ibli\u017en\u011b 250 metr\u016f od pl\u00e1\u017ee a v bl\u00edzkosti obchod\u016f a restaurac\u00ed Porto Santa Margherita. Klient\u016fm t\u00e9to residence je k\u00a0dispozici tak\u00e9 baz\u00e9n.<\/p>\n<p style=\"font-weight: 400;\">\n<p style=\"font-weight: 400;\"><strong>Vybaven\u00ed:<\/strong> Baz\u00e9n pro dosp\u011bl\u00e9 a pro d\u011bti (v provozu v\u00a0z\u00e1vislosti na po\u010das\u00ed), v\u00fdtah, parkovi\u0161t\u011b (dle disponibility, n\u011bkter\u00e9 typy apartm\u00e1nu bez parkovac\u00edho m\u00edsta, nutno parkovat opravdu dle disponibility).<\/p>\n<p style=\"font-weight: 400;\">\n<p style=\"font-weight: 400;\"><strong>Apartm\u00e1ny: <\/strong>Mono pro 4 osoby (B133\/B138) se skl\u00e1d\u00e1 z jedn\u00e9 m\u00edstnosti s kuchy\u0148sk\u00fdm koutem a dv\u011bma rozkl\u00e1dac\u00edmi \/ vysouvac\u00edmi pohovkami \u010di p\u0159\u00edpadn\u011b jedn\u00edm man\u017eelsk\u00fdm l\u016f\u017ekem a jednou rozkl\u00e1dac\u00ed pohovkou. Bilo pro 4 osoby (D357) se skl\u00e1d\u00e1 z lo\u017enice s man\u017eelskou postel\u00ed a ob\u00fdvac\u00edho pokoje s kuchy\u0148sk\u00fdm koutem a rozkl\u00e1dac\u00edm dvoul\u016f\u017ekem. Bilo pro 4 a\u017e 5 osob (A8\/A18\/D343) se skl\u00e1d\u00e1 z lo\u017enice s man\u017eelskou postel\u00ed a p\u0159\u00edpadn\u011b dal\u0161\u00edm l\u016f\u017ekem a ob\u00fdvac\u00edho pokoje s kuchy\u0148sk\u00fdm koutem a rozkl\u00e1dac\u00edm \/vysouvac\u00edm dvoul\u016f\u017ekem (n\u011bkter\u00fd typ m\u016f\u017ee m\u00edt tak\u00e9 v lo\u017enici jen dvoul\u016f\u017eko a v ob\u00fdvac\u00edm pokoji nav\u00edc v p\u0159\u00edpad\u011b p\u011bti osob dal\u0161\u00ed pohovku pro jednu osobu). Trilo pro 6 osob (A31\/C225) se skl\u00e1d\u00e1 z jedn\u00e9 lo\u017enice s dvoul\u016f\u017ekem a p\u0159\u00edpadn\u011b dal\u0161\u00edm samostatn\u00fdm l\u016f\u017ekem, dal\u0161\u00ed lo\u017enice se 2 odd\u011blen\u00fdmi l\u016f\u017eky a ob\u00fdvac\u00edho pokoje s kuchy\u0148sk\u00fdm koutem a rozkl\u00e1dac\u00ed \/ vysouvac\u00ed pohovkou. Apartm\u00e1ny jsou jednodu\u0161e za\u0159\u00edzen\u00e9 a vybaven\u00e9 soci\u00e1ln\u00edm za\u0159\u00edzen\u00edm, TV, mikrovlnnou troubou a pra\u010dkou (oboje jen n\u011bkter\u00e9 apartm\u00e1ny) a balkonem. Na vy\u017e\u00e1d\u00e1n\u00ed apartm\u00e1ny s klimatizac\u00ed (n\u011bkter\u00e9 apartm\u00e1ny jsou bez klimatizace, nutno vy\u017e\u00e1dat).<\/p>\n<p style=\"font-weight: 400;\">\n<p style=\"font-weight: 400;\"><strong>Stravov\u00e1n\u00ed:<\/strong> Bez stravov\u00e1n\u00ed.<\/p>\n<p style=\"font-weight: 400;\">\n<p style=\"font-weight: 400;\"><strong>Pl\u00e1\u017e:<\/strong> P\u00edse\u010dn\u00e1 pl\u00e1\u017e se nach\u00e1z\u00ed cca 250 m od residence.<\/p>\n<p style=\"font-weight: 400;\"><strong>Telefonick\u00e1 asistence:<\/strong><span style=\"font-weight: 400;\"> Telefonick\u00e1 asistence v \u010dj nebo sj. <\/span><\/p>\n<\/div>\n<\/div>\n<\/div>\n<\/div>\n<p>[\/et_pb_text][\/et_pb_column][\/et_pb_row][et_pb_row use_custom_gutter=&#8221;on&#8221; gutter_width=&#8221;1&#8243; module_id=&#8221;map&#8221; module_class=&#8221; et_pb_row_fullwidth et_pb_row_fullwidth et_pb_row_fullwidth&#8221; _builder_version=&#8221;4.16&#8243; width=&#8221;100%&#8221; width_tablet=&#8221;100%&#8221; width_phone=&#8221;&#8221; width_last_edited=&#8221;on|desktop&#8221; max_width=&#8221;100%&#8221; max_width_tablet=&#8221;100%&#8221; max_width_phone=&#8221;&#8221; max_width_last_edited=&#8221;on|desktop&#8221; make_fullwidth=&#8221;on&#8221; global_colors_info=&#8221;{}&#8221;][et_pb_column type=&#8221;4_4&#8243; _builder_version=&#8221;4.16&#8243; custom_padding=&#8221;|||&#8221; global_colors_info=&#8221;{}&#8221; custom_padding__hover=&#8221;|||&#8221;][et_pb_text _builder_version=&#8221;4.16&#8243; z_index_tablet=&#8221;500&#8243; global_colors_info=&#8221;{}&#8221;]<\/p>\n<p><iframe loading=\"lazy\" style=\"border: 0;\" src=\"https:\/\/www.google.com\/maps\/embed?pb=!1m18!1m12!1m3!1d2792.1470169483127!2d12.852939415032472!3d45.587589233223454!2m3!1f0!2f0!3f0!3m2!1i1024!2i768!4f13.1!3m3!1m2!1s0x477bf0e334442b81%3A0x2f19e11f4136b06e!2sCorso%20Amalfi%2C%2036%2C%2030021%20Porto%20Santa%20Margherita%20VE%2C%20It%C3%A1lie!5e0!3m2!1scs!2scz!4v1581159436824!5m2!1scs!2scz\" width=\"600\" height=\"450\" frameborder=\"0\" allowfullscreen=\"allowfullscreen\"><\/iframe><\/p>\n<p>[\/et_pb_text][\/et_pb_column][\/et_pb_row][\/et_pb_section]<\/p>\n","protected":false},"excerpt":{"rendered":"<p><span style=\"font-size:19px; font-weight: bold; color: #009246; position:relative; bottom: 5px;\">&#9733;&#9733;&#9733;<\/span> <img decoding=\"async\" src=\"https:\/\/www.italtourist.com\/wp-content\/uploads\/2017\/09\/plaz-1.jpg\" width=\"27px\" alt=\"pl\u00e1\u017e bl\u00edzko hotelu\" title=\"[:cs]pl\u00e1\u017e bl\u00edzko hotelu[:en]near the beach[:]\"> <img decoding=\"async\" src=\"https:\/\/www.italtourist.com\/wp-content\/uploads\/2017\/09\/deti-1.jpg\" width=\"25px\" alt=\"vhodn\u00e9 pro rodiny s d\u011btmi\" title=\"[:cs]vhodn\u00e9 pro rodiny s d\u011btmi[:en]for children[:]\"> <img decoding=\"async\" src=\"https:\/\/www.italtourist.com\/wp-content\/uploads\/2017\/09\/parkoviste-1.jpg\" width=\"27px\" alt=\"Bezplatn\u00e9 parkovi\u0161t\u011b\" title=\"[:cs]parkovi\u0161t\u011b[:en]parking[:]\"> <img decoding=\"async\" src=\"https:\/\/www.italtourist.com\/wp-content\/uploads\/2017\/09\/pes.jpg\" width=\"30px\" alt=\"pobyt se psem mo\u017en\u00fd\" title=\"[:cs]pobyt se psem mo\u017en\u00fd[:en]animals accepted[:]\"> <img decoding=\"async\" src=\"https:\/\/www.italtourist.com\/wp-content\/uploads\/2017\/09\/bazen-1.jpg\" width=\"32px\" alt=\"Baz\u00e9n v hptelu\" title=\"[:cs]baz\u00e9n v objektu[:en]swimming pool[:]\"> <img decoding=\"async\" src=\"https:\/\/www.italtourist.com\/wp-content\/uploads\/2017\/09\/info.jpg\" width=\"32px\" alt=\"deleg\u00e1t v m\u00edst\u011b pobytu\" title=\"deleg\u00e1t v m\u00edst\u011b pobytu\"><\/p>\n","protected":false},"author":2,"featured_media":12017,"comment_status":"open","ping_status":"open","sticky":false,"template":"","format":"standard","meta":{"_et_pb_use_builder":"on","_et_pb_old_content":"[gallery columns=\"8\" ids=\"412,413,414,415,416,417,418\"]\r\n<p style=\"text-align: justify;\">\r\n<strong>Popis<\/strong>: Tento p\u0159\u00edjemn\u00fd hotel se nach\u00e1z\u00ed cca 250 metr\u016f od centra Montecatini, cca 200 metr\u016f od l\u00e1zn\u00ed a tak\u00e9 \u017eelezni\u010dn\u00ed stanice. Je slo\u017een\u00fd z hlavn\u00ed budovy a 3 depandanc\u00ed (jedna je vzd\u00e1lena cca 15 metr\u016f \u2013 Villa Rita, druh\u00e1 cca 20 metr\u016f na druh\u00e9 stran\u011b hlavn\u00ed budovy \u2013 Villa Rita Flower a jedna cca 150 metr\u016f Villa Rita Resort \u2013 zde jsou um\u00edst\u011bny jen pokoje, v\u0161echny ostatn\u00ed slu\u017eby jsou poskytov\u00e1ny v hlavn\u00ed budov\u011b, vyjma Villa Rita Resort, kter\u00e1 m\u00e1 svu restauraci).<\/p>\r\n<p style=\"text-align: left;\"><strong>Vybaven\u00ed<\/strong>: Recepce, restaurace, bar, v\u00fdtah (vyjma dep. Villa Rita Flower, kter\u00e1 m\u00e1 jen 2 patra), baz\u00e9n (11x7 m, v provozu v z\u00e1vislosti na po\u010das\u00ed), Wi-Fi, parkovi\u0161t\u011b (za poplatek).<\/p>\r\n<p style=\"text-align: justify;\"><strong>Pokoje<\/strong>: Hotel disponuje celkem 88 pokoji (34 v hlavn\u00ed budov\u011b, 18 v depandanci Villa Rita, 15 ve Villa Rita Flower a 21 ve Villa Rita Resort. V\u0161echny pokoje s mo\u017enost\u00ed p\u0159ist\u00fdlky jsou vybaveny soci\u00e1ln\u00edm za\u0159\u00edzen\u00edm, f\u00e9nem, klimatizac\u00ed\/topen\u00edm (centr\u00e1ln\u00edm, v provozu v ur\u010dit\u00fdch hodin\u00e1ch \u2013 cca 14,00-17,00 a 21,00-8,00), TV, telefonem a \u010d\u00e1ste\u010dn\u011b balkonem (cca 70% pokoj\u016f).K dispozici t\u00e9\u017e propojen\u00e9 \u010dty\u0159l\u016f\u017ekov\u00e9 pokoje s jednou koupelnou (cena jako 2 dbl) a pokoje pro handicapovan\u00e9.<\/p>\r\n<p style=\"text-align: justify;\"><strong>Stravov\u00e1n\u00ed<\/strong>: Sn\u00eddan\u011b formou italsk\u00e9ho zes\u00edlen\u00e9ho bufetu, ve\u010de\u0159e 3 chodov\u00e9 menus bufetem sal\u00e1t\u016f.<\/p>\r\n<p style=\"text-align: justify;\">Asisten\u010dn\u00ed slu\u017eba na telefonu: Asiste\u010dn\u00ed slu\u017eba v\u00a0\u010desk\u00e9m nebo slovensk\u00e9m jazyce v\u00a0obdob\u00ed od 21.4. do 27.10.2018.<\/p>\r\n<p id=\"map\">Hotel na map\u011b<\/p>\r\nMONTECATINI TERME, TOSCANA\r\n[pw_map address=\u201dVia Marconi 1, Montecatini Terme\u201d key=\u201dAIzaSyBtVAx4e0kyXY6B5rPBKuaX3z_KFlc4RYU\u201d]","_et_gb_content_width":"","footnotes":""},"categories":[86,10],"tags":[5],"class_list":["post-11994","post","type-post","status-publish","format-standard","has-post-thumbnail","hentry","category-porto-santa-margherita","category-veneto","tag-letni"],"_links":{"self":[{"href":"https:\/\/www.italtourist.com\/en\/wp-json\/wp\/v2\/posts\/11994","targetHints":{"allow":["GET"]}}],"collection":[{"href":"https:\/\/www.italtourist.com\/en\/wp-json\/wp\/v2\/posts"}],"about":[{"href":"https:\/\/www.italtourist.com\/en\/wp-json\/wp\/v2\/types\/post"}],"author":[{"embeddable":true,"href":"https:\/\/www.italtourist.com\/en\/wp-json\/wp\/v2\/users\/2"}],"replies":[{"embeddable":true,"href":"https:\/\/www.italtourist.com\/en\/wp-json\/wp\/v2\/comments?post=11994"}],"version-history":[{"count":6,"href":"https:\/\/www.italtourist.com\/en\/wp-json\/wp\/v2\/posts\/11994\/revisions"}],"predecessor-version":[{"id":13931,"href":"https:\/\/www.italtourist.com\/en\/wp-json\/wp\/v2\/posts\/11994\/revisions\/13931"}],"wp:featuredmedia":[{"embeddable":true,"href":"https:\/\/www.italtourist.com\/en\/wp-json\/wp\/v2\/media\/12017"}],"wp:attachment":[{"href":"https:\/\/www.italtourist.com\/en\/wp-json\/wp\/v2\/media?parent=11994"}],"wp:term":[{"taxonomy":"category","embeddable":true,"href":"https:\/\/www.italtourist.com\/en\/wp-json\/wp\/v2\/categories?post=11994"},{"taxonomy":"post_tag","embeddable":true,"href":"https:\/\/www.italtourist.com\/en\/wp-json\/wp\/v2\/tags?post=11994"}],"curies":[{"name":"wp","href":"https:\/\/api.w.org\/{rel}","templated":true}]}}